{"id":5861,"date":"2022-03-01T11:47:39","date_gmt":"2022-03-01T10:47:39","guid":{"rendered":"https:\/\/tuzla.rps.edu.ba\/?p=5861"},"modified":"2022-03-01T11:47:39","modified_gmt":"2022-03-01T10:47:39","slug":"ucenici-posadili-tri-stabla-za-tri-decenije-mira-suzivota-i-nezavisnosti-bosne-i-hercegovine-video","status":"publish","type":"post","link":"https:\/\/tuzla.rps.edu.ba\/bs\/ucenici-posadili-tri-stabla-za-tri-decenije-mira-suzivota-i-nezavisnosti-bosne-i-hercegovine-video\/","title":{"rendered":"U\u010denici posadili tri stabla za tri decenije mira, su\u017eivota i nezavisnosti Bosne i Hercegovine (VIDEO)"},"content":{"rendered":"<p>Simboli\u010dnom sadnjom tri drveta u \u0161kolskom dvori\u0161tu u\u010denici Richmond Park Me\u0111unarodne \u0161kole u Tuzli danas su obilje\u017eili 30-u godi\u0161njicu nezavisnosti Bosne i Hercegovine. Tri stabla simbol su mira, su\u017eivota i tri decenije bosanskohercegova\u010dke nezavisnosti. U\u010denici su na ovaj na\u010din \u017eeljeli obilje\u017eiti ovaj zna\u010dajan dan za na\u0161u pro\u0161lost, sada\u0161njost i budu\u0107nost. Uz sadnju drve\u0107a u\u010denici su ovim povodom izveli prigadan kulturno-zabavni program.<\/p>\n<p><iframe loading=\"lazy\" title=\"U\u010denici posadili tri stabla za tri decenije mira, su\u017eivota i nezavisnosti Bosne i Hercegovine\" width=\"1080\" height=\"608\" src=\"https:\/\/www.youtube.com\/embed\/aHszR_EXgpQ?feature=oembed\"  allow=\"accelerometer; autoplay; clipboard-write; encrypted-media; gyroscope; picture-in-picture; web-share\" referrerpolicy=\"strict-origin-when-cross-origin\" allowfullscreen><\/iframe><\/p>","protected":false},"excerpt":{"rendered":"<p>Simboli\u010dnom sadnjom tri drveta u \u0161kolskom dvori\u0161tu u\u010denici Richmond Park Me\u0111unarodne \u0161kole u Tuzli danas su obilje\u017eili 30-u godi\u0161njicu nezavisnosti Bosne i Hercegovine. Tri stabla simbol su mira, su\u017eivota i tri decenije bosanskohercegova\u010dke nezavisnosti. U\u010denici su na ovaj na\u010din \u017eeljeli obilje\u017eiti ovaj zna\u010dajan dan za na\u0161u pro\u0161lost, sada\u0161njost i budu\u0107nost. Uz sadnju drve\u0107a u\u010denici su [&hellip;]<\/p>\n","protected":false},"author":1,"featured_media":5862,"comment_status":"open","ping_status":"open","sticky":false,"template":"","format":"standard","meta":{"iawp_total_views":0,"footnotes":""},"categories":[69],"tags":[],"class_list":["post-5861","post","type-post","status-publish","format-standard","has-post-thumbnail","hentry","category-rps-novosti"],"_links":{"self":[{"href":"https:\/\/tuzla.rps.edu.ba\/bs\/wp-json\/wp\/v2\/posts\/5861","targetHints":{"allow":["GET"]}}],"collection":[{"href":"https:\/\/tuzla.rps.edu.ba\/bs\/wp-json\/wp\/v2\/posts"}],"about":[{"href":"https:\/\/tuzla.rps.edu.ba\/bs\/wp-json\/wp\/v2\/types\/post"}],"author":[{"embeddable":true,"href":"https:\/\/tuzla.rps.edu.ba\/bs\/wp-json\/wp\/v2\/users\/1"}],"replies":[{"embeddable":true,"href":"https:\/\/tuzla.rps.edu.ba\/bs\/wp-json\/wp\/v2\/comments?post=5861"}],"version-history":[{"count":0,"href":"https:\/\/tuzla.rps.edu.ba\/bs\/wp-json\/wp\/v2\/posts\/5861\/revisions"}],"wp:featuredmedia":[{"embeddable":true,"href":"https:\/\/tuzla.rps.edu.ba\/bs\/wp-json\/"}],"wp:attachment":[{"href":"https:\/\/tuzla.rps.edu.ba\/bs\/wp-json\/wp\/v2\/media?parent=5861"}],"wp:term":[{"taxonomy":"category","embeddable":true,"href":"https:\/\/tuzla.rps.edu.ba\/bs\/wp-json\/wp\/v2\/categories?post=5861"},{"taxonomy":"post_tag","embeddable":true,"href":"https:\/\/tuzla.rps.edu.ba\/bs\/wp-json\/wp\/v2\/tags?post=5861"}],"curies":[{"name":"wp","href":"https:\/\/api.w.org\/{rel}","templated":true}]}}