{"id":5856,"date":"2023-01-22T11:42:25","date_gmt":"2023-01-22T10:42:25","guid":{"rendered":"https:\/\/tuzla.rps.edu.ba\/?p=5856"},"modified":"2023-01-22T11:42:25","modified_gmt":"2023-01-22T10:42:25","slug":"ucenici-iz-tuzle-sa-adisom-ahmetovicem-na-manifestaciji-mir-u-svijetu-u-hanoveru","status":"publish","type":"post","link":"https:\/\/tuzla.rps.edu.ba\/bs\/ucenici-iz-tuzle-sa-adisom-ahmetovicem-na-manifestaciji-mir-u-svijetu-u-hanoveru\/","title":{"rendered":"U\u010denici iz Tuzle sa Adisom Ahmetovi\u0107em na manifestaciji &#8221;Mir u svijetu&#8221; u Hanoveru (VIDEO\/RTVTK)"},"content":{"rendered":"<p>Na manifestaciji u\u010denika srednjih \u0161kola \u2013 gimnazija, pod nazivom &#8220;Frieden in der Welt \u2013 Mir u svijetu&#8221;, koja je proteklog vikenda odr\u017eana u Hanoveru u Saveznoj Republici Njema\u010dkoj, Bosnu i Hercegovinu i Grad Tuzlu predstavljali su u\u010denici Richmond Park Me\u0111unarodne \u0161kole Tuzla: Alem Dautovi\u0107, Faruk Umihani\u0107 i Me\u0161a Sinanovi\u0107, sa profesorom D\u017easenom Brigi\u0107em. Prethodnu sedmicu u\u010denici su poha\u0111ali nastavu zajedno sa u\u010denicima doma\u0107inima jedne od gimnazija u ovom gradu i radili na izradi prezentacije i \u0161tanda na kojem su predstavili Bosnu i Hercegovinu, njeno multikulturno, tradicijsko i historijsko naslije\u0111e. U\u010denici su posjetiocima govorili o historijskom kontinuitetu bosanske dr\u017eavnosti, historijskim i kulturnim znamenitostima, prirodnim ljepotama i resursima, ljudskim potencijalima, su\u017eivotu i multikulturalnosti, ali i iskustvima i posljedicama rata sa porukom da &#8221;Rat nikome dobro nije donio&#8221; i koliko je va\u017ean mir u svijetu. Za ovu priliku u\u010denici su izradili plakat sa motivima Memorijalnog centra Srebrenica \u2013 Poto\u010dari na kojem su ispisane i historijske \u010dinjenice o de\u0161avanjima tokom agresije na Bosnu i Hercegovinu. Plakat je istaknut u holu gimnazije kao trajni podsjetnik potrebe o\u010duvanja mira u svijetu. Na plakatu je istaknuta evropska perspektiva i euro-atlanski put Bosne i Hercegovine. U\u010denike na manifestaciji je posjetio i sa njima se dru\u017eio Adis Ahmetovi\u0107, zastupnik u Bundestagu (Parlamentu Savezne Republike Njema\u010dke) porijeklom iz Bosne i Hercegovine (Kladanj) kao i predstavnici lokalnih i gradskih vlati u Hanoveru. U\u010denici su ovom prilikom Ahmetovi\u0107u poklonili suvenire\/simbole Tuzle, kao i majcu Fudbalskog kluba Sloboda Tuzla, tako da je i zvani\u010dno postao navija\u010d tuzlanske Slobode. Ahmetovi\u0107 je najavio i svoj skori dolazak u Tuzlu sa kojom ga ve\u017eu i porodi\u010dni korjeni, kao i posjetu Richmond Park Me\u0111unarodnoj \u0161koli Tuzla.<\/p>\n<p><iframe loading=\"lazy\" title=\"U\u010denici Richmond Park School Tuzla sa Adisom Ahmetovi\u0107em na manifestaciji \u2018Mir u svijetu\u2019 u Hanoveru\" width=\"1080\" height=\"608\" src=\"https:\/\/www.youtube.com\/embed\/YqM3l78lPnE?feature=oembed\"  allow=\"accelerometer; autoplay; clipboard-write; encrypted-media; gyroscope; picture-in-picture; web-share\" referrerpolicy=\"strict-origin-when-cross-origin\" allowfullscreen><\/iframe><\/p>","protected":false},"excerpt":{"rendered":"<p>Na manifestaciji u\u010denika srednjih \u0161kola \u2013 gimnazija, pod nazivom &#8220;Frieden in der Welt \u2013 Mir u svijetu&#8221;, koja je proteklog vikenda odr\u017eana u Hanoveru u Saveznoj Republici Njema\u010dkoj, Bosnu i Hercegovinu i Grad Tuzlu predstavljali su u\u010denici Richmond Park Me\u0111unarodne \u0161kole Tuzla: Alem Dautovi\u0107, Faruk Umihani\u0107 i Me\u0161a Sinanovi\u0107, sa profesorom D\u017easenom Brigi\u0107em. Prethodnu sedmicu [&hellip;]<\/p>\n","protected":false},"author":1,"featured_media":5857,"comment_status":"open","ping_status":"open","sticky":false,"template":"","format":"standard","meta":{"iawp_total_views":1,"footnotes":""},"categories":[69],"tags":[],"class_list":["post-5856","post","type-post","status-publish","format-standard","has-post-thumbnail","hentry","category-rps-novosti"],"_links":{"self":[{"href":"https:\/\/tuzla.rps.edu.ba\/bs\/wp-json\/wp\/v2\/posts\/5856","targetHints":{"allow":["GET"]}}],"collection":[{"href":"https:\/\/tuzla.rps.edu.ba\/bs\/wp-json\/wp\/v2\/posts"}],"about":[{"href":"https:\/\/tuzla.rps.edu.ba\/bs\/wp-json\/wp\/v2\/types\/post"}],"author":[{"embeddable":true,"href":"https:\/\/tuzla.rps.edu.ba\/bs\/wp-json\/wp\/v2\/users\/1"}],"replies":[{"embeddable":true,"href":"https:\/\/tuzla.rps.edu.ba\/bs\/wp-json\/wp\/v2\/comments?post=5856"}],"version-history":[{"count":0,"href":"https:\/\/tuzla.rps.edu.ba\/bs\/wp-json\/wp\/v2\/posts\/5856\/revisions"}],"wp:featuredmedia":[{"embeddable":true,"href":"https:\/\/tuzla.rps.edu.ba\/bs\/wp-json\/"}],"wp:attachment":[{"href":"https:\/\/tuzla.rps.edu.ba\/bs\/wp-json\/wp\/v2\/media?parent=5856"}],"wp:term":[{"taxonomy":"category","embeddable":true,"href":"https:\/\/tuzla.rps.edu.ba\/bs\/wp-json\/wp\/v2\/categories?post=5856"},{"taxonomy":"post_tag","embeddable":true,"href":"https:\/\/tuzla.rps.edu.ba\/bs\/wp-json\/wp\/v2\/tags?post=5856"}],"curies":[{"name":"wp","href":"https:\/\/api.w.org\/{rel}","templated":true}]}}